{"id":79,"date":"2018-04-22T08:55:04","date_gmt":"2018-04-22T05:55:04","guid":{"rendered":"http:\/\/einterior.xyz\/blog\/?p=79"},"modified":"2018-04-22T08:56:52","modified_gmt":"2018-04-22T05:56:52","slug":"koogimoobel-pirital","status":"publish","type":"post","link":"https:\/\/einterior.xyz\/blog\/2018\/04\/22\/koogimoobel-pirital\/","title":{"rendered":"K\u00f6\u00f6gim\u00f6\u00f6bel Pirital"},"content":{"rendered":"<p>Sellel n\u00e4dalal sai paigaldatud juba aasta alguses valminud lihtsamat sorti k\u00f6\u00f6gim\u00f6\u00f6bel: uksed, karniisid ja n\u00e4htavad k\u00fcljed &#8211; tugevalt valgendatud spoon ja v\u00e4rvitud MDF, t\u00f6\u00f6tasapind &#8211; laminaat, furnituurid &#8211; Grass.<\/p>\n<p><img loading=\"lazy\" decoding=\"async\" class=\"alignnone wp-image-81\" src=\"http:\/\/einterior.xyz\/blog\/wp-content\/uploads\/2018\/04\/20180421-20180421_233113-300x225.jpg\" alt=\"\" width=\"545\" height=\"409\" srcset=\"https:\/\/einterior.xyz\/blog\/wp-content\/uploads\/2018\/04\/20180421-20180421_233113-300x225.jpg 300w, https:\/\/einterior.xyz\/blog\/wp-content\/uploads\/2018\/04\/20180421-20180421_233113-768x576.jpg 768w, https:\/\/einterior.xyz\/blog\/wp-content\/uploads\/2018\/04\/20180421-20180421_233113-1024x768.jpg 1024w, https:\/\/einterior.xyz\/blog\/wp-content\/uploads\/2018\/04\/20180421-20180421_233113-1200x900.jpg 1200w, https:\/\/einterior.xyz\/blog\/wp-content\/uploads\/2018\/04\/20180421-20180421_233113.jpg 2048w\" sizes=\"auto, (max-width: 545px) 100vw, 545px\" \/><\/p>\n<p><img loading=\"lazy\" decoding=\"async\" class=\"alignnone wp-image-80\" src=\"http:\/\/einterior.xyz\/blog\/wp-content\/uploads\/2018\/04\/20180421-20180421_232857-300x225.jpg\" alt=\"\" width=\"544\" height=\"408\" srcset=\"https:\/\/einterior.xyz\/blog\/wp-content\/uploads\/2018\/04\/20180421-20180421_232857-300x225.jpg 300w, https:\/\/einterior.xyz\/blog\/wp-content\/uploads\/2018\/04\/20180421-20180421_232857-768x576.jpg 768w, https:\/\/einterior.xyz\/blog\/wp-content\/uploads\/2018\/04\/20180421-20180421_232857-1024x768.jpg 1024w, https:\/\/einterior.xyz\/blog\/wp-content\/uploads\/2018\/04\/20180421-20180421_232857-1200x900.jpg 1200w, https:\/\/einterior.xyz\/blog\/wp-content\/uploads\/2018\/04\/20180421-20180421_232857.jpg 2048w\" sizes=\"auto, (max-width: 544px) 100vw, 544px\" \/><\/p>\n","protected":false},"excerpt":{"rendered":"<p>Sellel n\u00e4dalal sai paigaldatud juba aasta alguses valminud lihtsamat sorti k\u00f6\u00f6gim\u00f6\u00f6bel: uksed, karniisid ja n\u00e4htavad k\u00fcljed &#8211; tugevalt valgendatud spoon ja v\u00e4rvitud MDF, t\u00f6\u00f6tasapind &#8211; laminaat, furnituurid &#8211; Grass.<\/p>\n","protected":false},"author":1,"featured_media":0,"comment_status":"open","ping_status":"open","sticky":false,"template":"","format":"standard","meta":{"footnotes":""},"categories":[2],"tags":[5,31,15,21,20],"class_list":["post-79","post","type-post","status-publish","format-standard","hentry","category-eritellimusmoobel","tag-eritellimusmoobel","tag-koogimoobel","tag-laminaat","tag-spoon","tag-varvitud-mdf","entry"],"_links":{"self":[{"href":"https:\/\/einterior.xyz\/blog\/wp-json\/wp\/v2\/posts\/79","targetHints":{"allow":["GET"]}}],"collection":[{"href":"https:\/\/einterior.xyz\/blog\/wp-json\/wp\/v2\/posts"}],"about":[{"href":"https:\/\/einterior.xyz\/blog\/wp-json\/wp\/v2\/types\/post"}],"author":[{"embeddable":true,"href":"https:\/\/einterior.xyz\/blog\/wp-json\/wp\/v2\/users\/1"}],"replies":[{"embeddable":true,"href":"https:\/\/einterior.xyz\/blog\/wp-json\/wp\/v2\/comments?post=79"}],"version-history":[{"count":2,"href":"https:\/\/einterior.xyz\/blog\/wp-json\/wp\/v2\/posts\/79\/revisions"}],"predecessor-version":[{"id":83,"href":"https:\/\/einterior.xyz\/blog\/wp-json\/wp\/v2\/posts\/79\/revisions\/83"}],"wp:attachment":[{"href":"https:\/\/einterior.xyz\/blog\/wp-json\/wp\/v2\/media?parent=79"}],"wp:term":[{"taxonomy":"category","embeddable":true,"href":"https:\/\/einterior.xyz\/blog\/wp-json\/wp\/v2\/categories?post=79"},{"taxonomy":"post_tag","embeddable":true,"href":"https:\/\/einterior.xyz\/blog\/wp-json\/wp\/v2\/tags?post=79"}],"curies":[{"name":"wp","href":"https:\/\/api.w.org\/{rel}","templated":true}]}}