{"id":54,"date":"2018-03-09T21:02:46","date_gmt":"2018-03-09T19:02:46","guid":{"rendered":"http:\/\/einterior.xyz\/blog\/?p=54"},"modified":"2018-03-09T21:02:46","modified_gmt":"2018-03-09T19:02:46","slug":"garderoobimoobel","status":"publish","type":"post","link":"https:\/\/einterior.xyz\/blog\/2018\/03\/09\/garderoobimoobel\/","title":{"rendered":"Garderoobim\u00f6\u00f6bel"},"content":{"rendered":"<p>Eritellimustena tellivad inimesed k\u00f5ige sagedamini k\u00f6\u00f6gim\u00f6\u00f6blit, sellele j\u00e4rgnevad kohe garderoobid. See on ka \u00fcsna loogiline, sest garderoobim\u00f6\u00f6bel paigutatakse sageli seinte vahele, p\u00f5randast laeni ja proovitakse kogu ruum maksimaalselt \u00e4ra kasutada. Seega garderoobi jaoks v\u00e4ga standardseid lahendusi olla ei saa.<\/p>\n<p><img loading=\"lazy\" decoding=\"async\" class=\"alignnone  wp-image-55\" src=\"http:\/\/einterior.xyz\/blog\/wp-content\/uploads\/2018\/03\/Wardrobes-Interiors-300x171.jpg\" alt=\"\" width=\"534\" height=\"304\" srcset=\"https:\/\/einterior.xyz\/blog\/wp-content\/uploads\/2018\/03\/Wardrobes-Interiors-300x171.jpg 300w, https:\/\/einterior.xyz\/blog\/wp-content\/uploads\/2018\/03\/Wardrobes-Interiors-768x437.jpg 768w, https:\/\/einterior.xyz\/blog\/wp-content\/uploads\/2018\/03\/Wardrobes-Interiors.jpg 1024w\" sizes=\"auto, (max-width: 534px) 100vw, 534px\" \/><\/p>\n","protected":false},"excerpt":{"rendered":"<p>Eritellimustena tellivad inimesed k\u00f5ige sagedamini k\u00f6\u00f6gim\u00f6\u00f6blit, sellele j\u00e4rgnevad kohe garderoobid. See on ka \u00fcsna loogiline, sest garderoobim\u00f6\u00f6bel paigutatakse sageli seinte vahele, p\u00f5randast laeni ja proovitakse kogu ruum maksimaalselt \u00e4ra kasutada. Seega garderoobi jaoks v\u00e4ga standardseid lahendusi olla ei saa.<\/p>\n","protected":false},"author":1,"featured_media":0,"comment_status":"open","ping_status":"open","sticky":false,"template":"","format":"standard","meta":{"footnotes":""},"categories":[2],"tags":[5,26,8],"class_list":["post-54","post","type-post","status-publish","format-standard","hentry","category-eritellimusmoobel","tag-eritellimusmoobel","tag-garderoob","tag-mooblitootmine","entry"],"_links":{"self":[{"href":"https:\/\/einterior.xyz\/blog\/wp-json\/wp\/v2\/posts\/54","targetHints":{"allow":["GET"]}}],"collection":[{"href":"https:\/\/einterior.xyz\/blog\/wp-json\/wp\/v2\/posts"}],"about":[{"href":"https:\/\/einterior.xyz\/blog\/wp-json\/wp\/v2\/types\/post"}],"author":[{"embeddable":true,"href":"https:\/\/einterior.xyz\/blog\/wp-json\/wp\/v2\/users\/1"}],"replies":[{"embeddable":true,"href":"https:\/\/einterior.xyz\/blog\/wp-json\/wp\/v2\/comments?post=54"}],"version-history":[{"count":1,"href":"https:\/\/einterior.xyz\/blog\/wp-json\/wp\/v2\/posts\/54\/revisions"}],"predecessor-version":[{"id":56,"href":"https:\/\/einterior.xyz\/blog\/wp-json\/wp\/v2\/posts\/54\/revisions\/56"}],"wp:attachment":[{"href":"https:\/\/einterior.xyz\/blog\/wp-json\/wp\/v2\/media?parent=54"}],"wp:term":[{"taxonomy":"category","embeddable":true,"href":"https:\/\/einterior.xyz\/blog\/wp-json\/wp\/v2\/categories?post=54"},{"taxonomy":"post_tag","embeddable":true,"href":"https:\/\/einterior.xyz\/blog\/wp-json\/wp\/v2\/tags?post=54"}],"curies":[{"name":"wp","href":"https:\/\/api.w.org\/{rel}","templated":true}]}}