{"id":168,"date":"2020-01-07T13:52:05","date_gmt":"2020-01-07T11:52:05","guid":{"rendered":"https:\/\/einterior.xyz\/blog\/?p=168"},"modified":"2020-01-07T13:52:05","modified_gmt":"2020-01-07T11:52:05","slug":"modernne-kombineeritud-fassaadiga-koogimoobel","status":"publish","type":"post","link":"https:\/\/einterior.xyz\/blog\/2020\/01\/07\/modernne-kombineeritud-fassaadiga-koogimoobel\/","title":{"rendered":"Modernne kombineeritud fassaadiga k\u00f6\u00f6gim\u00f6\u00f6bel"},"content":{"rendered":"\n<figure class=\"wp-block-image is-resized\"><img loading=\"lazy\" decoding=\"async\" src=\"https:\/\/einterior.xyz\/blog\/wp-content\/uploads\/2020\/01\/modern-1024x740.jpg\" alt=\"\" class=\"wp-image-169\" width=\"768\" height=\"555\" srcset=\"https:\/\/einterior.xyz\/blog\/wp-content\/uploads\/2020\/01\/modern-1024x740.jpg 1024w, https:\/\/einterior.xyz\/blog\/wp-content\/uploads\/2020\/01\/modern-300x217.jpg 300w, https:\/\/einterior.xyz\/blog\/wp-content\/uploads\/2020\/01\/modern-768x555.jpg 768w, https:\/\/einterior.xyz\/blog\/wp-content\/uploads\/2020\/01\/modern-1200x868.jpg 1200w, https:\/\/einterior.xyz\/blog\/wp-content\/uploads\/2020\/01\/modern.jpg 1267w\" sizes=\"auto, (max-width: 768px) 100vw, 768px\" \/><figcaption>Osaliselt v\u00e4rvitud MDF-st, osaliselt tammespooniga kaetud MDF-st fassaadiga ja tamme t\u00e4ispuidust t\u00f6\u00f6tasapinnaga k\u00f6\u00f6gim\u00f6\u00f6bel.<\/figcaption><\/figure>\n","protected":false},"excerpt":{"rendered":"","protected":false},"author":1,"featured_media":0,"comment_status":"open","ping_status":"open","sticky":false,"template":"","format":"standard","meta":{"footnotes":""},"categories":[2],"tags":[31,56,9,55,20],"class_list":["post-168","post","type-post","status-publish","format-standard","hentry","category-eritellimusmoobel","tag-koogimoobel","tag-modernne-koogimoobel","tag-taispuit","tag-tammesoon","tag-varvitud-mdf","entry"],"_links":{"self":[{"href":"https:\/\/einterior.xyz\/blog\/wp-json\/wp\/v2\/posts\/168","targetHints":{"allow":["GET"]}}],"collection":[{"href":"https:\/\/einterior.xyz\/blog\/wp-json\/wp\/v2\/posts"}],"about":[{"href":"https:\/\/einterior.xyz\/blog\/wp-json\/wp\/v2\/types\/post"}],"author":[{"embeddable":true,"href":"https:\/\/einterior.xyz\/blog\/wp-json\/wp\/v2\/users\/1"}],"replies":[{"embeddable":true,"href":"https:\/\/einterior.xyz\/blog\/wp-json\/wp\/v2\/comments?post=168"}],"version-history":[{"count":1,"href":"https:\/\/einterior.xyz\/blog\/wp-json\/wp\/v2\/posts\/168\/revisions"}],"predecessor-version":[{"id":170,"href":"https:\/\/einterior.xyz\/blog\/wp-json\/wp\/v2\/posts\/168\/revisions\/170"}],"wp:attachment":[{"href":"https:\/\/einterior.xyz\/blog\/wp-json\/wp\/v2\/media?parent=168"}],"wp:term":[{"taxonomy":"category","embeddable":true,"href":"https:\/\/einterior.xyz\/blog\/wp-json\/wp\/v2\/categories?post=168"},{"taxonomy":"post_tag","embeddable":true,"href":"https:\/\/einterior.xyz\/blog\/wp-json\/wp\/v2\/tags?post=168"}],"curies":[{"name":"wp","href":"https:\/\/api.w.org\/{rel}","templated":true}]}}